{"id":87,"date":"2020-10-01T08:15:42","date_gmt":"2020-10-01T08:15:42","guid":{"rendered":"https:\/\/fondationphilippelaprise.com\/publications\/?p=47"},"modified":"2022-11-18T16:23:54","modified_gmt":"2022-11-18T16:23:54","slug":"nouveau-programme-de-formation-en-ligne-gratuit-pour-les-professionnels-de-lenseignement","status":"publish","type":"post","link":"https:\/\/fondationphilippelaprise.com\/publication\/nouveau-programme-de-formation-en-ligne-gratuit-pour-les-professionnels-de-lenseignement\/","title":{"rendered":"Nouveau programme de formation en ligne GRATUIT pour les professionnels de l\u2019enseignement"},"content":{"rendered":"<p>Alors que le mois du Trouble du d\u00e9ficit de l\u2019attention avec ou sans hyperactivit\u00e9 (TDAH) d\u00e9bute, la Fondation Philippe Laprise est fi\u00e8re d\u2019annoncer qu\u2019un tout nouveau programme de formation en ligne, Apprendre et R\u00e9ussir avec le TDAH, est disponible d\u00e8s aujourd\u2019hui sur son site Web et ce, gratuitement gr\u00e2ce au soutien du minist\u00e8re de l\u2019\u00c9ducation.<\/p>\n<p><iframe class=\"embed-responsive-item\" title=\"Apprendre et r&amp;eacute;ussir avec le TDAH de la Fondation Philippe Laprise\" src=\"https:\/\/player.vimeo.com\/video\/463628046?dnt=1&amp;app_id=122963\" frameborder=\"0\" allowfullscreen=\"allowfullscreen\"><\/iframe><\/p>\n<p>Le programme Apprendre et r\u00e9ussir avec le TDAH est compos\u00e9 de plus de 120 capsules vid\u00e9o regroup\u00e9es en 6 modules. Il est accompagn\u00e9 d\u2019un guide de 32 pages, ce qui permet de retrouver facilement tous les outils pratiques pr\u00e9sent\u00e9s au travers de ce programme d\u2019une dur\u00e9e de 10 heures. Le programme Apprendre et r\u00e9ussir avec le TDAH rejoint deux grandes pr\u00e9occupations de Philippe, soit l\u2019\u00e9ducation et son amour de l\u2019\u00e9cole publique, ainsi que le soutien aux personnes qui vivent avec le TDAH. Philippe a re\u00e7u un diagnostic \u00e0 l\u2019\u00e2ge adulte, ce qui lui a permis de comprendre bien des choses, dont son parcours scolaire diff\u00e9rent. Il est porte-parole de la Semaine de l\u2019\u00e9cole publique depuis 2016.<\/p>\n<p>Le programme, produit par la directrice de la Fondation, Isabelle Wolfe, a \u00e9t\u00e9 r\u00e9alis\u00e9 avec la pr\u00e9cieuse collaboration de la Dre Annick Vincent, aviseure scientifique et administratrice de la Fondation Philippe Laprise, ainsi que plusieurs professionnelles du milieu de l\u2019\u00e9ducation et de la sant\u00e9 qui ont guid\u00e9 le projet avec expertise et un enthousiasme contagieux.<\/p>\n<p>D\u00e9couvrez et partagez-le sans plus tarder en cliquant ICI.<\/p>\n","protected":false},"excerpt":{"rendered":"<p>Alors que le mois du Trouble du d\u00e9ficit de l\u2019attention [&hellip;]<\/p>\n","protected":false},"author":1,"featured_media":146,"comment_status":"closed","ping_status":"open","sticky":false,"template":"","format":"standard","meta":{"footnotes":""},"categories":[8],"tags":[],"class_list":["post-87","post","type-post","status-publish","format-standard","has-post-thumbnail","hentry","category-articles"],"_links":{"self":[{"href":"https:\/\/fondationphilippelaprise.com\/publication\/wp-json\/wp\/v2\/posts\/87","targetHints":{"allow":["GET"]}}],"collection":[{"href":"https:\/\/fondationphilippelaprise.com\/publication\/wp-json\/wp\/v2\/posts"}],"about":[{"href":"https:\/\/fondationphilippelaprise.com\/publication\/wp-json\/wp\/v2\/types\/post"}],"author":[{"embeddable":true,"href":"https:\/\/fondationphilippelaprise.com\/publication\/wp-json\/wp\/v2\/users\/1"}],"replies":[{"embeddable":true,"href":"https:\/\/fondationphilippelaprise.com\/publication\/wp-json\/wp\/v2\/comments?post=87"}],"version-history":[{"count":1,"href":"https:\/\/fondationphilippelaprise.com\/publication\/wp-json\/wp\/v2\/posts\/87\/revisions"}],"predecessor-version":[{"id":147,"href":"https:\/\/fondationphilippelaprise.com\/publication\/wp-json\/wp\/v2\/posts\/87\/revisions\/147"}],"wp:featuredmedia":[{"embeddable":true,"href":"https:\/\/fondationphilippelaprise.com\/publication\/wp-json\/wp\/v2\/media\/146"}],"wp:attachment":[{"href":"https:\/\/fondationphilippelaprise.com\/publication\/wp-json\/wp\/v2\/media?parent=87"}],"wp:term":[{"taxonomy":"category","embeddable":true,"href":"https:\/\/fondationphilippelaprise.com\/publication\/wp-json\/wp\/v2\/categories?post=87"},{"taxonomy":"post_tag","embeddable":true,"href":"https:\/\/fondationphilippelaprise.com\/publication\/wp-json\/wp\/v2\/tags?post=87"}],"curies":[{"name":"wp","href":"https:\/\/api.w.org\/{rel}","templated":true}]}}