{"id":90,"date":"2021-05-05T08:15:50","date_gmt":"2021-05-05T08:15:50","guid":{"rendered":"https:\/\/fondationphilippelaprise.com\/publications\/?p=58"},"modified":"2022-11-18T16:23:36","modified_gmt":"2022-11-18T16:23:36","slug":"la-fondation-philippe-laprise-obtient-la-reconnaissance-de-lagence-de-revenu-du-canada-a-titre-dorganisme-de-bienfaisance","status":"publish","type":"post","link":"https:\/\/fondationphilippelaprise.com\/publication\/la-fondation-philippe-laprise-obtient-la-reconnaissance-de-lagence-de-revenu-du-canada-a-titre-dorganisme-de-bienfaisance\/","title":{"rendered":"La Fondation Philippe Laprise obtient la reconnaissance de l\u2019Agence de Revenu du Canada \u00e0 titre d\u2019organisme de bienfaisance"},"content":{"rendered":"<p><u>Chambly, le 5 mai 2021\u00a0<\/u>\u2013 Apr\u00e8s un an d\u2019op\u00e9ration active, la Fondation Philippe Laprise, compl\u00e8tement TDAH, obtient son num\u00e9ro d\u2019enregistrement \u00e0 titre d\u2019organisme de bienfaisance de l\u2019Agence de Revenu du Canada. Philippe Laprise raconte\u00a0: \u00ab\u00a0<em>Mettre sur pied une fondation, c\u2019est un projet un peu fou. D\u00e9buter ses activit\u00e9s pendant l\u2019ann\u00e9e d\u2019une pand\u00e9mie, c\u2019est encore plus fou. L\u2019annonce de l\u2019accr\u00e9ditation est une excellente nouvelle et vient \u00e0 point. \u00c7a va nous permettre de faire encore plus pour soutenir les personnes vivant avec le TDAH et leur famille<\/em>.\u00a0\u00bb<\/p>\n<p>Rappelons que la\u00a0<strong>mission<\/strong>\u00a0de la Fondation Philippe est de passer \u00e0 l\u2019action pour\u00a0<strong>transformer positivement<\/strong>\u00a0<strong>le parcours<\/strong>\u00a0<strong>des personnes qui<\/strong>\u00a0<strong>vivent avec le Trouble du d\u00e9ficit de l\u2019attention avec ou sans hyperactivit\u00e9<\/strong>\u00a0(<strong>TDAH<\/strong>) afin de leur permettre d\u2019acc\u00e9der \u00e0 leur plein potentiel et \u00e0 r\u00e9ussir \u00e0 la hauteur de leurs capacit\u00e9s.<\/p>\n<p><strong>Mieux comprendre le TDAH permet de mieux intervenir. La connaissance est un \u00e9l\u00e9ment cl\u00e9<\/strong>.<br \/>\nDans un contexte o\u00f9 l\u2019acc\u00e8s \u00e0 des ressources qualifi\u00e9es accessibles en temps opportun est un enjeu crucial, la Fondation Philippe Laprise a d\u00e9velopp\u00e9 une solution novatrice permettant \u00e0 tous, de s\u2019informer et de s\u2019outiller concr\u00e8tement, au moment et \u00e0 l\u2019endroit qui leur convient le mieux.\u00a0 Depuis avril 2020, elle a offert plus de\u00a0<strong>16\u00a0500 formations<\/strong>\u00a0en ligne aupr\u00e8s de personnes atteintes et de leurs proches ainsi qu\u2019aux professionnels et intervenants de la sant\u00e9, de l\u2019\u00e9ducation et des services sociaux. \u00ab\u00a0Au bout d\u2019une ann\u00e9e, \u00e7a en fait du monde qui est sensibilis\u00e9 et pr\u00eat \u00e0 passer \u00e0 l\u2019action pour faire la diff\u00e9rence aupr\u00e8s des personnes vivant avec le TDAH\u00a0\u00bb, souligne Philippe Laprise.<\/p>\n<p><strong>Ce n\u2019est qu\u2019un d\u00e9but!<br \/>\n<\/strong>Dans les prochains mois, la Fondation lancera de nouvelles initiatives pour poursuivre sa mission et aussi pour obtenir l\u2019appui de personnes d\u2019alli\u00e9s lui permettant de faire encore plus et encore mieux.\u00a0 Avec l\u2019entrain et la cr\u00e9ativit\u00e9 de l\u2019\u00e9quipe en place, gageons que \u00e7a ne sera pas banal!\u00a0 Restez \u00e0 l\u2019aff\u00fbt!<\/p>\n<p>\u2013 30 \u2013<\/p>\n<p>&nbsp;<\/p>\n<p><strong>Information\u00a0:<\/strong><\/p>\n<p>Isabelle Wolfe<br \/>\nDirectrice g\u00e9n\u00e9rale<br \/>\nFondation Philippe Laprise<\/p>\n","protected":false},"excerpt":{"rendered":"<p>Chambly, le 5 mai 2021\u00a0\u2013 Apr\u00e8s un an d\u2019op\u00e9ration active, [&hellip;]<\/p>\n","protected":false},"author":1,"featured_media":137,"comment_status":"closed","ping_status":"open","sticky":false,"template":"","format":"standard","meta":{"footnotes":""},"categories":[8],"tags":[],"class_list":["post-90","post","type-post","status-publish","format-standard","has-post-thumbnail","hentry","category-articles"],"_links":{"self":[{"href":"https:\/\/fondationphilippelaprise.com\/publication\/wp-json\/wp\/v2\/posts\/90","targetHints":{"allow":["GET"]}}],"collection":[{"href":"https:\/\/fondationphilippelaprise.com\/publication\/wp-json\/wp\/v2\/posts"}],"about":[{"href":"https:\/\/fondationphilippelaprise.com\/publication\/wp-json\/wp\/v2\/types\/post"}],"author":[{"embeddable":true,"href":"https:\/\/fondationphilippelaprise.com\/publication\/wp-json\/wp\/v2\/users\/1"}],"replies":[{"embeddable":true,"href":"https:\/\/fondationphilippelaprise.com\/publication\/wp-json\/wp\/v2\/comments?post=90"}],"version-history":[{"count":1,"href":"https:\/\/fondationphilippelaprise.com\/publication\/wp-json\/wp\/v2\/posts\/90\/revisions"}],"predecessor-version":[{"id":138,"href":"https:\/\/fondationphilippelaprise.com\/publication\/wp-json\/wp\/v2\/posts\/90\/revisions\/138"}],"wp:featuredmedia":[{"embeddable":true,"href":"https:\/\/fondationphilippelaprise.com\/publication\/wp-json\/wp\/v2\/media\/137"}],"wp:attachment":[{"href":"https:\/\/fondationphilippelaprise.com\/publication\/wp-json\/wp\/v2\/media?parent=90"}],"wp:term":[{"taxonomy":"category","embeddable":true,"href":"https:\/\/fondationphilippelaprise.com\/publication\/wp-json\/wp\/v2\/categories?post=90"},{"taxonomy":"post_tag","embeddable":true,"href":"https:\/\/fondationphilippelaprise.com\/publication\/wp-json\/wp\/v2\/tags?post=90"}],"curies":[{"name":"wp","href":"https:\/\/api.w.org\/{rel}","templated":true}]}}