{"id":92,"date":"2021-08-18T08:15:40","date_gmt":"2021-08-18T08:15:40","guid":{"rendered":"https:\/\/fondationphilippelaprise.com\/publications\/?p=65"},"modified":"2022-12-08T14:59:44","modified_gmt":"2022-12-08T19:59:44","slug":"defi-completement-tdah-mission-accomplie","status":"publish","type":"post","link":"https:\/\/fondationphilippelaprise.com\/publication\/defi-completement-tdah-mission-accomplie\/","title":{"rendered":"D\u00e9fi Compl\u00e8tement TDAH : Mission accomplie!"},"content":{"rendered":"<p>C\u2019est lundi, 9 ao\u00fbt 2021, que Philippe Laprise a r\u00e9alis\u00e9 son d\u00e9fi Compl\u00e8tement TDAH : Traverser le Lac St-Jean en p\u00e9dalo.<\/p>\n<p>Curieux de voir comment \u00e7a s\u2019est pass\u00e9? Regardez cette vid\u00e9o:<\/p>\n<p><iframe class=\"embed-responsive-item\" style=\"width: 100%; height: 100%;\" title=\"La travers&amp;eacute;e du Lac St-Jean en p&amp;eacute;dalo : Un d&amp;eacute;fi COMPL&amp;Egrave;TEMENT TDAH\" src=\"https:\/\/player.vimeo.com\/video\/587941693?badge=0&amp;autopause=0&amp;player_id=0&amp;app_id=58479&amp;h=9a2f11c030\" frameborder=\"0\" allowfullscreen=\"allowfullscreen\" data-ready=\"true\"><\/iframe><\/p>\n<p>Traverser le Lac St-Jean en p\u00e9dalo n\u2019a pas \u00e9t\u00e9 de tout repos!<br \/>\nAvec des vagues de 3 \u00e0 4 pieds de hauteur et un vent de face de 25 km\/h, Philippe et son \u00e9quipe en ont p\u00e9dal\u00e9 une \u201cshot\u201d! Faut dire que Philippe \u00e9tait bien accompagn\u00e9.<\/p>\n<p>\u00c0 l\u2019arriv\u00e9e \u00e0 Roberval, Philippe avait r\u00e9colt\u00e9 28,531$ en don. D\u2019autres dons ont \u00e9t\u00e9 re\u00e7us par la suite. En date d\u2019aujourd\u2019hui, le d\u00e9fi a recueilli plus de 32,000$ au profit de la Fondation Philippe Laprise.<\/p>\n<p>\u00c0 quoi servent les dons r\u00e9colt\u00e9s?<br \/>\nLes dons amass\u00e9s vont permettre \u00e0 la Fondation de d\u00e9velopper de nouvelles formations et outils concrets pour mieux vivre ou mieux intervenir avec le TDAH et pr\u00e9parer notre fonds de soutien aux initiatives du milieu.<\/p>\n<p>Philippe souhaite remercier personnellement toutes les personnes qui l\u2019ont soutenues dans cette aventure (un peu folle) :<\/p>\n<p>\u201cMerci \u00e0 tous ceux qui ont fait un don au nom de la Fondation Philippe Laprise. Vous \u00eates incroyablement g\u00e9n\u00e9reux! Merci \u00e9galement au comit\u00e9 organisateur, sp\u00e9cialement \u00e0 Dominique Dufour et \u00e0 toute l\u2019\u00e9quipe qui m\u2019a accompagn\u00e9 lors de la travers\u00e9e. Merci les boys, sans vous, je serai peut-\u00eatre encore en train de p\u00e9daler!!! Merci aux membres du conseil d\u2019administration de la Fondation et \u00e0 la directrice de la Fondation, Isabelle Wolfe. Merci \u00e9galement \u00e0 nos pr\u00e9cieux commanditaires: la CIBC, la ville de Roberval, Pontons Armada, Zed Productions et Cycle N\u00e9ron. Tous ensemble, vous faites la diff\u00e9rence pour les personnes vivant avec le TDAH\u201d<\/p>\n<p>Philippe Laprise<br \/>\nHumoriste<br \/>\nPr\u00e9sident-fondateur<br \/>\nFondation Philippe Laprise<\/p>\n<p>P.S. Il est encore possible de faire un don pour le D\u00e9fi Compl\u00e8tement TDAH au profit de la Fondation Philippe Laprise.<\/p>\n","protected":false},"excerpt":{"rendered":"<p>C\u2019est lundi, 9 ao\u00fbt 2021, que Philippe Laprise a r\u00e9alis\u00e9 [&hellip;]<\/p>\n","protected":false},"author":1,"featured_media":133,"comment_status":"closed","ping_status":"open","sticky":false,"template":"","format":"standard","meta":{"footnotes":""},"categories":[8,9],"tags":[],"class_list":["post-92","post","type-post","status-publish","format-standard","has-post-thumbnail","hentry","category-articles","category-levees-de-fonds"],"_links":{"self":[{"href":"https:\/\/fondationphilippelaprise.com\/publication\/wp-json\/wp\/v2\/posts\/92","targetHints":{"allow":["GET"]}}],"collection":[{"href":"https:\/\/fondationphilippelaprise.com\/publication\/wp-json\/wp\/v2\/posts"}],"about":[{"href":"https:\/\/fondationphilippelaprise.com\/publication\/wp-json\/wp\/v2\/types\/post"}],"author":[{"embeddable":true,"href":"https:\/\/fondationphilippelaprise.com\/publication\/wp-json\/wp\/v2\/users\/1"}],"replies":[{"embeddable":true,"href":"https:\/\/fondationphilippelaprise.com\/publication\/wp-json\/wp\/v2\/comments?post=92"}],"version-history":[{"count":1,"href":"https:\/\/fondationphilippelaprise.com\/publication\/wp-json\/wp\/v2\/posts\/92\/revisions"}],"predecessor-version":[{"id":134,"href":"https:\/\/fondationphilippelaprise.com\/publication\/wp-json\/wp\/v2\/posts\/92\/revisions\/134"}],"wp:featuredmedia":[{"embeddable":true,"href":"https:\/\/fondationphilippelaprise.com\/publication\/wp-json\/wp\/v2\/media\/133"}],"wp:attachment":[{"href":"https:\/\/fondationphilippelaprise.com\/publication\/wp-json\/wp\/v2\/media?parent=92"}],"wp:term":[{"taxonomy":"category","embeddable":true,"href":"https:\/\/fondationphilippelaprise.com\/publication\/wp-json\/wp\/v2\/categories?post=92"},{"taxonomy":"post_tag","embeddable":true,"href":"https:\/\/fondationphilippelaprise.com\/publication\/wp-json\/wp\/v2\/tags?post=92"}],"curies":[{"name":"wp","href":"https:\/\/api.w.org\/{rel}","templated":true}]}}