{"id":93,"date":"2021-09-22T08:15:59","date_gmt":"2021-09-22T08:15:59","guid":{"rendered":"https:\/\/fondationphilippelaprise.com\/publications\/?p=68"},"modified":"2022-11-18T16:23:20","modified_gmt":"2022-11-18T16:23:20","slug":"la-fondation-philippe-laprise-remet-7-500-a-des-organismes-communautaires-qui-interviennent-en-tdah-de-la-region-du-saguenay-lac-st-jean","status":"publish","type":"post","link":"https:\/\/fondationphilippelaprise.com\/publication\/la-fondation-philippe-laprise-remet-7-500-a-des-organismes-communautaires-qui-interviennent-en-tdah-de-la-region-du-saguenay-lac-st-jean\/","title":{"rendered":"La Fondation Philippe Laprise remet 7 500$ \u00e0 des organismes communautaires qui interviennent en TDAH de la r\u00e9gion du Saguenay Lac-St-Jean."},"content":{"rendered":"<p><div class=\"fusion-fullwidth fullwidth-box fusion-builder-row-1 fusion-flex-container nonhundred-percent-fullwidth non-hundred-percent-height-scrolling\" style=\"background-color: rgba(255,255,255,0);background-position: center center;background-repeat: no-repeat;border-width: 0px 0px 0px 0px;border-color:#e2e2e2;border-style:solid;\" ><div class=\"fusion-builder-row fusion-row fusion-flex-align-items-flex-start\" style=\"max-width:1248px;margin-left: calc(-4% \/ 2 );margin-right: calc(-4% \/ 2 );\"><div class=\"fusion-layout-column fusion_builder_column fusion-builder-column-0 fusion_builder_column_1_1 1_1 fusion-flex-column\"><div class=\"fusion-column-wrapper fusion-flex-justify-content-flex-start fusion-content-layout-column\" style=\"background-position:left top;background-repeat:no-repeat;-webkit-background-size:cover;-moz-background-size:cover;-o-background-size:cover;background-size:cover;padding: 0px 0px 0px 0px;\"><div class=\"fusion-text fusion-text-1\"><p>Philippe Laprise, humoriste et pr\u00e9sident fondateur de la Fondation Philippe Laprise, \u00e9tait de passage \u00e0 Roberval, ville d\u2019arriv\u00e9e de son D\u00e9fi Compl\u00e8tement TDAH, la Travers\u00e9e du Lac St-Jean en p\u00e9dalo. En compagnie du Maire de Roberval, de membres du Conseil d\u2019administration, il revenait dans sa r\u00e9gion pour remettre des bourses totalisant 7 500$.<\/p>\n<p>Trois organismes du Saguenay Lac-St-Jean; l\u2019Association Panda Saguenay Lac-St-Jean (Jonqui\u00e8re), le Centre Nelligan (Roberval) et le Centre de sant\u00e9 mentale l\u2019Arrimage (Dolbeau) ont chacun re\u00e7u une bourse de 2 500$ en soutien \u00e0 leurs activit\u00e9s d\u2019intervention aupr\u00e8s des personnes vivant avec le TDAH ainsi qu\u2019aupr\u00e8s de leurs proches.<\/p>\n<\/div><\/div><style type=\"text\/css\">.fusion-body .fusion-builder-column-0{width:100% !important;margin-top : 0px;margin-bottom : 0px;}.fusion-builder-column-0 > .fusion-column-wrapper {padding-top : 0px !important;padding-right : 0px !important;margin-right : 1.92%;padding-bottom : 0px !important;padding-left : 0px !important;margin-left : 1.92%;}@media only screen and (max-width:1024px) {.fusion-body .fusion-builder-column-0{width:100% !important;}.fusion-builder-column-0 > .fusion-column-wrapper {margin-right : 1.92%;margin-left : 1.92%;}}@media only screen and (max-width:640px) {.fusion-body .fusion-builder-column-0{width:100% !important;}.fusion-builder-column-0 > .fusion-column-wrapper {margin-right : 1.92%;margin-left : 1.92%;}}<\/style><\/div><\/div><style type=\"text\/css\">.fusion-body .fusion-flex-container.fusion-builder-row-1{ padding-top : 0px;margin-top : 0px;padding-right : 0px;padding-bottom : 0px;margin-bottom : 0px;padding-left : 0px;}<\/style><\/div><div class=\"fusion-fullwidth fullwidth-box fusion-builder-row-2 fusion-flex-container nonhundred-percent-fullwidth non-hundred-percent-height-scrolling\" style=\"background-color: rgba(255,255,255,0);background-position: center center;background-repeat: no-repeat;border-width: 0px 0px 0px 0px;border-color:#e2e2e2;border-style:solid;\" ><div class=\"fusion-builder-row fusion-row fusion-flex-align-items-flex-start\" style=\"max-width:1248px;margin-left: calc(-4% \/ 2 );margin-right: calc(-4% \/ 2 );\"><div class=\"fusion-layout-column fusion_builder_column fusion-builder-column-1 fusion_builder_column_1_1 1_1 fusion-flex-column\"><div class=\"fusion-column-wrapper fusion-flex-justify-content-flex-start fusion-content-layout-column\" style=\"background-position:left top;background-repeat:no-repeat;-webkit-background-size:cover;-moz-background-size:cover;-o-background-size:cover;background-size:cover;padding: 0px 0px 0px 0px;\"><div ><span class=\" fusion-imageframe imageframe-none imageframe-1 hover-type-none\"><img decoding=\"async\" width=\"1024\" height=\"768\" title=\"organisme_panda\" src=\"http:\/\/concoura.ca\/publication\/wp-content\/uploads\/2021\/09\/organisme_panda.jpg\" class=\"img-responsive wp-image-127\" srcset=\"https:\/\/fondationphilippelaprise.com\/publication\/wp-content\/uploads\/2021\/09\/organisme_panda-200x150.jpg 200w, https:\/\/fondationphilippelaprise.com\/publication\/wp-content\/uploads\/2021\/09\/organisme_panda-400x300.jpg 400w, https:\/\/fondationphilippelaprise.com\/publication\/wp-content\/uploads\/2021\/09\/organisme_panda-600x450.jpg 600w, https:\/\/fondationphilippelaprise.com\/publication\/wp-content\/uploads\/2021\/09\/organisme_panda-800x600.jpg 800w, https:\/\/fondationphilippelaprise.com\/publication\/wp-content\/uploads\/2021\/09\/organisme_panda.jpg 1024w\" sizes=\"(max-width: 640px) 100vw, 1024px\" \/><\/span><\/div><div class=\"fusion-text fusion-text-2\"><p>Philippe Laprise et Sabin C\u00f4t\u00e9, maire de Roberval, en compagnie de Dominique Simard de l\u2019Association Panda Saguenay Lac-St-Jean.<\/p>\n<\/div><\/div><style type=\"text\/css\">.fusion-body .fusion-builder-column-1{width:100% !important;margin-top : 0px;margin-bottom : 20px;}.fusion-builder-column-1 > .fusion-column-wrapper {padding-top : 0px !important;padding-right : 0px !important;margin-right : 1.92%;padding-bottom : 0px !important;padding-left : 0px !important;margin-left : 1.92%;}@media only screen and (max-width:1024px) {.fusion-body .fusion-builder-column-1{width:100% !important;order : 0;}.fusion-builder-column-1 > .fusion-column-wrapper {margin-right : 1.92%;margin-left : 1.92%;}}@media only screen and (max-width:640px) {.fusion-body .fusion-builder-column-1{width:100% !important;order : 0;}.fusion-builder-column-1 > .fusion-column-wrapper {margin-right : 1.92%;margin-left : 1.92%;}}<\/style><\/div><\/div><style type=\"text\/css\">.fusion-body .fusion-flex-container.fusion-builder-row-2{ padding-top : 0px;margin-top : 0px;padding-right : 0px;padding-bottom : 0px;margin-bottom : 0px;padding-left : 0px;}<\/style><\/div><div class=\"fusion-fullwidth fullwidth-box fusion-builder-row-3 fusion-flex-container nonhundred-percent-fullwidth non-hundred-percent-height-scrolling\" style=\"background-color: rgba(255,255,255,0);background-position: center center;background-repeat: no-repeat;border-width: 0px 0px 0px 0px;border-color:#e2e2e2;border-style:solid;\" ><div class=\"fusion-builder-row fusion-row fusion-flex-align-items-flex-start\" style=\"max-width:1248px;margin-left: calc(-4% \/ 2 );margin-right: calc(-4% \/ 2 );\"><div class=\"fusion-layout-column fusion_builder_column fusion-builder-column-2 fusion_builder_column_1_1 1_1 fusion-flex-column\"><div class=\"fusion-column-wrapper fusion-flex-justify-content-flex-start fusion-content-layout-column\" style=\"background-position:left top;background-repeat:no-repeat;-webkit-background-size:cover;-moz-background-size:cover;-o-background-size:cover;background-size:cover;padding: 0px 0px 0px 0px;\"><div ><span class=\" fusion-imageframe imageframe-none imageframe-2 hover-type-none\"><img decoding=\"async\" width=\"1024\" height=\"768\" title=\"organisme_nelligan\" src=\"http:\/\/concoura.ca\/publication\/wp-content\/uploads\/2021\/09\/organisme_nelligan.jpg\" class=\"img-responsive wp-image-128\" srcset=\"https:\/\/fondationphilippelaprise.com\/publication\/wp-content\/uploads\/2021\/09\/organisme_nelligan-200x150.jpg 200w, https:\/\/fondationphilippelaprise.com\/publication\/wp-content\/uploads\/2021\/09\/organisme_nelligan-400x300.jpg 400w, https:\/\/fondationphilippelaprise.com\/publication\/wp-content\/uploads\/2021\/09\/organisme_nelligan-600x450.jpg 600w, https:\/\/fondationphilippelaprise.com\/publication\/wp-content\/uploads\/2021\/09\/organisme_nelligan-800x600.jpg 800w, https:\/\/fondationphilippelaprise.com\/publication\/wp-content\/uploads\/2021\/09\/organisme_nelligan.jpg 1024w\" sizes=\"(max-width: 640px) 100vw, 1024px\" \/><\/span><\/div><div class=\"fusion-text fusion-text-3\"><p>Philippe Laprise et Nancy Rainville du Centre Nelligan.<\/p>\n<\/div><\/div><style type=\"text\/css\">.fusion-body .fusion-builder-column-2{width:100% !important;margin-top : 0px;margin-bottom : 20px;}.fusion-builder-column-2 > .fusion-column-wrapper {padding-top : 0px !important;padding-right : 0px !important;margin-right : 1.92%;padding-bottom : 0px !important;padding-left : 0px !important;margin-left : 1.92%;}@media only screen and (max-width:1024px) {.fusion-body .fusion-builder-column-2{width:100% !important;order : 0;}.fusion-builder-column-2 > .fusion-column-wrapper {margin-right : 1.92%;margin-left : 1.92%;}}@media only screen and (max-width:640px) {.fusion-body .fusion-builder-column-2{width:100% !important;order : 0;}.fusion-builder-column-2 > .fusion-column-wrapper {margin-right : 1.92%;margin-left : 1.92%;}}<\/style><\/div><\/div><style type=\"text\/css\">.fusion-body .fusion-flex-container.fusion-builder-row-3{ padding-top : 0px;margin-top : 0px;padding-right : 0px;padding-bottom : 0px;margin-bottom : 0px;padding-left : 0px;}<\/style><\/div><div class=\"fusion-fullwidth fullwidth-box fusion-builder-row-4 fusion-flex-container nonhundred-percent-fullwidth non-hundred-percent-height-scrolling\" style=\"background-color: rgba(255,255,255,0);background-position: center center;background-repeat: no-repeat;border-width: 0px 0px 0px 0px;border-color:#e2e2e2;border-style:solid;\" ><div class=\"fusion-builder-row fusion-row fusion-flex-align-items-flex-start\" style=\"max-width:1248px;margin-left: calc(-4% \/ 2 );margin-right: calc(-4% \/ 2 );\"><div class=\"fusion-layout-column fusion_builder_column fusion-builder-column-3 fusion_builder_column_1_1 1_1 fusion-flex-column\"><div class=\"fusion-column-wrapper fusion-flex-justify-content-flex-start fusion-content-layout-column\" style=\"background-position:left top;background-repeat:no-repeat;-webkit-background-size:cover;-moz-background-size:cover;-o-background-size:cover;background-size:cover;padding: 0px 0px 0px 0px;\"><div ><span class=\" fusion-imageframe imageframe-none imageframe-3 hover-type-none\"><img decoding=\"async\" width=\"1024\" height=\"768\" title=\"organisme_arrimage\" src=\"http:\/\/concoura.ca\/publication\/wp-content\/uploads\/2021\/09\/organisme_arrimage.jpg\" class=\"img-responsive wp-image-129\" srcset=\"https:\/\/fondationphilippelaprise.com\/publication\/wp-content\/uploads\/2021\/09\/organisme_arrimage-200x150.jpg 200w, https:\/\/fondationphilippelaprise.com\/publication\/wp-content\/uploads\/2021\/09\/organisme_arrimage-400x300.jpg 400w, https:\/\/fondationphilippelaprise.com\/publication\/wp-content\/uploads\/2021\/09\/organisme_arrimage-600x450.jpg 600w, https:\/\/fondationphilippelaprise.com\/publication\/wp-content\/uploads\/2021\/09\/organisme_arrimage-800x600.jpg 800w, https:\/\/fondationphilippelaprise.com\/publication\/wp-content\/uploads\/2021\/09\/organisme_arrimage.jpg 1024w\" sizes=\"(max-width: 640px) 100vw, 1024px\" \/><\/span><\/div><div class=\"fusion-text fusion-text-4\"><div>\n<p>Philippe Laprise et Sabin C\u00f4t\u00e9, maire de Roberval, en compagnie de Jos\u00e9e Dion du Centre de sant\u00e9 mentale l\u2019Arrimage.<\/p>\n<\/div>\n<div>\n<p>\u00ab Je suis tr\u00e8s fier et \u00e9mu m\u00eame d\u2019\u00eatre ici parmi vous \u00bb raconte Philippe Laprise.\u00a0 Il poursuit \u00ab Le D\u00e9fi nous en a fait vivre de toutes les couleurs. Mais malgr\u00e9 des vents de face de 25 km\/h, des vagues de 3 \u00e0 4 pieds et le mal de mer, on y est arriv\u00e9 et \u00e7a, c\u2019est gr\u00e2ce \u00e0 mon \u00e9quipe extraordinaire. Tout seul, \u00e7a aurait \u00e9t\u00e9 impossible \u00bb.<\/p>\n<p>Pour Philippe, faire \u00e9quipe, \u00eatre bien entour\u00e9, c\u2019est l\u2019une des cl\u00e9s essentielles pour mieux vivre avec le TDAH.\u00a0 \u00ab Le p\u00e9dalo, c\u2019est un peu comme le TDAH\u2026 Quand tu as un TDAH, \u00e7a peut \u00eatre difficile d\u2019avancer.\u00a0 Mais quand tu es bien entour\u00e9, que tu as de bonnes strat\u00e9gies, que tu es bien pr\u00e9par\u00e9, \u00e7a devient plus facile d\u2019atteindre ses objectifs.\u00a0 L\u2019accompagnement, le travail d\u2019\u00e9quipe, la connaissance sont des cl\u00e9s hyper-importantes \u00e0 la r\u00e9ussite, tant pour ce d\u00e9fi que pour surmonter les difficult\u00e9s du TDAH. \u00bb<\/p>\n<\/div>\n<div>Rappelons que le d\u00e9fi r\u00e9alis\u00e9 le 9 ao\u00fbt dernier, a permis d\u2019amasser pr\u00e8s de 32 500$, surpassant ainsi l\u2019objectif initial de 25 000$. C\u2019est pourquoi, il y allait de soi que les surplus de ce premier \u00e9v\u00e8nement soient redistribu\u00e9s aupr\u00e8s d\u2019organismes de la r\u00e9gion qui \u0153uvrent sur le terrain et font \u00e9quipe avec des personnes touch\u00e9s par le TDAH ainsi qu\u2019\u00e0 leurs proches.<\/div>\n<\/div><iframe style=\"width: 100%; height: 100%;\" title=\"La travers\u00e9e du Lac St-Jean en p\u00e9dalo : Un d\u00e9fi COMPL\u00c8TEMENT TDAH\" src=\"https:\/\/player.vimeo.com\/video\/587941693?badge=0&autopause=0&player_id=0&app_id=58479&h=9a2f11c030\" frameborder=\"0\" allowfullscreen=\"allowfullscreen\" class=\"embed-responsive-item\" data-ready=\"true\"><\/iframe><div class=\"fusion-text fusion-text-5\"><p>La Fondation Philippe Laprise en profite pour remercier \u00e0 nouveau ses pr\u00e9cieux partenaires du D\u00e9fi : les\u00a0<a href=\"https:\/\/www.armadamarine.ca\/\">Pontons Armada<\/a>, la\u00a0<a href=\"https:\/\/www.roberval.ca\/\">Ville de Roberval<\/a>,\u00a0<a href=\"https:\/\/zedlagence.com\/\">Zed, l\u2019agence<\/a>\u00a0et\u00a0<a href=\"https:\/\/www.cycleneron.com\/fc\/\">Cycle N\u00e9ron<\/a>.<\/p>\n<\/div><\/div><style type=\"text\/css\">.fusion-body .fusion-builder-column-3{width:100% !important;margin-top : 0px;margin-bottom : 20px;}.fusion-builder-column-3 > .fusion-column-wrapper {padding-top : 0px !important;padding-right : 0px !important;margin-right : 1.92%;padding-bottom : 0px !important;padding-left : 0px !important;margin-left : 1.92%;}@media only screen and (max-width:1024px) {.fusion-body .fusion-builder-column-3{width:100% !important;order : 0;}.fusion-builder-column-3 > .fusion-column-wrapper {margin-right : 1.92%;margin-left : 1.92%;}}@media only screen and (max-width:640px) {.fusion-body .fusion-builder-column-3{width:100% !important;order : 0;}.fusion-builder-column-3 > .fusion-column-wrapper {margin-right : 1.92%;margin-left : 1.92%;}}<\/style><\/div><\/div><style type=\"text\/css\">.fusion-body .fusion-flex-container.fusion-builder-row-4{ padding-top : 0px;margin-top : 0px;padding-right : 0px;padding-bottom : 0px;margin-bottom : 0px;padding-left : 0px;}<\/style><\/div><\/p>\n","protected":false},"excerpt":{"rendered":"","protected":false},"author":1,"featured_media":131,"comment_status":"closed","ping_status":"open","sticky":false,"template":"","format":"standard","meta":{"footnotes":""},"categories":[8],"tags":[],"class_list":["post-93","post","type-post","status-publish","format-standard","has-post-thumbnail","hentry","category-articles"],"_links":{"self":[{"href":"https:\/\/fondationphilippelaprise.com\/publication\/wp-json\/wp\/v2\/posts\/93","targetHints":{"allow":["GET"]}}],"collection":[{"href":"https:\/\/fondationphilippelaprise.com\/publication\/wp-json\/wp\/v2\/posts"}],"about":[{"href":"https:\/\/fondationphilippelaprise.com\/publication\/wp-json\/wp\/v2\/types\/post"}],"author":[{"embeddable":true,"href":"https:\/\/fondationphilippelaprise.com\/publication\/wp-json\/wp\/v2\/users\/1"}],"replies":[{"embeddable":true,"href":"https:\/\/fondationphilippelaprise.com\/publication\/wp-json\/wp\/v2\/comments?post=93"}],"version-history":[{"count":2,"href":"https:\/\/fondationphilippelaprise.com\/publication\/wp-json\/wp\/v2\/posts\/93\/revisions"}],"predecessor-version":[{"id":132,"href":"https:\/\/fondationphilippelaprise.com\/publication\/wp-json\/wp\/v2\/posts\/93\/revisions\/132"}],"wp:featuredmedia":[{"embeddable":true,"href":"https:\/\/fondationphilippelaprise.com\/publication\/wp-json\/wp\/v2\/media\/131"}],"wp:attachment":[{"href":"https:\/\/fondationphilippelaprise.com\/publication\/wp-json\/wp\/v2\/media?parent=93"}],"wp:term":[{"taxonomy":"category","embeddable":true,"href":"https:\/\/fondationphilippelaprise.com\/publication\/wp-json\/wp\/v2\/categories?post=93"},{"taxonomy":"post_tag","embeddable":true,"href":"https:\/\/fondationphilippelaprise.com\/publication\/wp-json\/wp\/v2\/tags?post=93"}],"curies":[{"name":"wp","href":"https:\/\/api.w.org\/{rel}","templated":true}]}}